{"viewingHint":"paged","service":[],"license":"https://creativecommons.org/licenses/by-nc-nd/4.0/deed.de","structures":[{"ranges":["https://digital.ojm.at/i3f/v20/21029/range/21029"],"viewingHint":"top","@id":"https://digital.ojm.at/i3f/v20/21029/range/21049","@type":"sc:Range","label":"Table of Contents"},{"canvases":["https://digital.ojm.at/i3f/v20/21029/canvas/20513","https://digital.ojm.at/i3f/v20/21029/canvas/20514"],"@id":"https://digital.ojm.at/i3f/v20/21029/range/21029","@type":"sc:Range","label":"OJM_T_177-7: Fragebogen zur Registrierung der Opfer des Nazi-Terrors in \u00d6sterreich (unausgef\u00fcllt)"}],"sequences":[{"canvases":[{"height":2356,"width":3183,"images":[{"resource":{"service":{"profile":"http://iiif.io/api/image/2/level2.json","@context":"http://iiif.io/api/image/2/context.json","@id":"https://digital.ojm.at/i3f/v20/20513"},"format":"image/jpeg","height":740,"width":1000,"@id":"https://digital.ojm.at/download/webcache/1000/20513","@type":"dctypes:Image"},"on":"https://digital.ojm.at/i3f/v20/21029/canvas/20513","motivation":"sc:painting","@id":"https://digital.ojm.at/i3f/v20/21029/annotation/20513","@type":"oa:Annotation"}],"label":"[1]","@id":"https://digital.ojm.at/i3f/v20/21029/canvas/20513","@type":"sc:Canvas"},{"height":2356,"width":3183,"images":[{"resource":{"service":{"profile":"http://iiif.io/api/image/2/level2.json","@context":"http://iiif.io/api/image/2/context.json","@id":"https://digital.ojm.at/i3f/v20/20514"},"format":"image/jpeg","height":740,"width":1000,"@id":"https://digital.ojm.at/download/webcache/1000/20514","@type":"dctypes:Image"},"on":"https://digital.ojm.at/i3f/v20/21029/canvas/20514","motivation":"sc:painting","@id":"https://digital.ojm.at/i3f/v20/21029/annotation/20514","@type":"oa:Annotation"}],"label":"[2]","@id":"https://digital.ojm.at/i3f/v20/21029/canvas/20514","@type":"sc:Canvas"}],"viewingHint":"paged","startCanvas":"https://digital.ojm.at/i3f/v20/21029/canvas/20513","viewingDirection":"left-to-right","label":"Current Page Order","@context":"http://iiif.io/api/presentation/2/context.json","@id":"https://digital.ojm.at/i3f/v20/21029/sequence/normal","@type":"sc:Sequence"}],"label":"OJM_T_177: Sammlung beh\u00f6rdlicher Dokumente und Formulare von Rudolf L\u00e9on-Wernburg: OJM_T_177-7: Fragebogen zur Registrierung der Opfer des Nazi-Terrors in \u00d6sterreich (unausgef\u00fcllt)","thumbnail":{"width":304,"height":225,"@id":"https://digital.ojm.at/i3f/v21/20513/full/304/0/default.jpg","@type":"dctypes:Image","format":"image/jpeg"},"logo":{"@id":"https://digital.ojm.at/domainresource/static/graphics/connectors/viewerLogo.gif","service":{"profile":"http://iiif.io/api/image/2/level2.json","@context":"http://iiif.io/api/image/2/context.json","@id":""}},"@context":"http://iiif.io/api/presentation/2/context.json","metadata":[{"value":"Sammlung beh\u00f6rdlicher Dokumente und Formulare von Rudolf L\u00e9on-Wernburg","label":"Enthalten in"},{"value":"15 x 21 cm","label":"Dimensionen"},{"value":"Papier","label":"Material/Technik"},{"value":"Schenkung von G. Fausek, 1991","label":"Provenienz"},{"value":"Deutsch","label":"Sprache"},{"value":"Offizielle Schriftst\u00fccke und Dokumente","label":"Objektkategorie"},{"value":"Beh\u00f6rdliche Dokumente","label":"Objektbezeichnung"},{"value":"OJM_T_177-7","label":"Inventarnummer"}],"@id":"https://digital.ojm.at/i3f/v20/21029/manifest","@type":"sc:Manifest","seeAlso":{"format":"application/xml","@id":"https://digital.ojm.at/oai?verb=GetRecord&metadataPrefix=mets&identifier=21029","label":"METS"}}