{"viewingHint":"paged","service":[],"license":"https://rightsstatements.org/vocab/InC/1.0/","structures":[],"sequences":[{"canvases":[{"height":4123,"width":3473,"images":[{"resource":{"service":{"profile":"http://iiif.io/api/image/2/level2.json","@context":"http://iiif.io/api/image/2/context.json","@id":"https://digital.ojm.at/i3f/v20/24972"},"format":"image/jpeg","height":1187,"width":1000,"@id":"https://digital.ojm.at/download/webcache/1000/24972","@type":"dctypes:Image"},"on":"https://digital.ojm.at/i3f/v20/24971/canvas/24972","motivation":"sc:painting","@id":"https://digital.ojm.at/i3f/v20/24971/annotation/24972","@type":"oa:Annotation"}],"label":"[1]","@id":"https://digital.ojm.at/i3f/v20/24971/canvas/24972","@type":"sc:Canvas"},{"height":4123,"width":2824,"images":[{"resource":{"service":{"profile":"http://iiif.io/api/image/2/level2.json","@context":"http://iiif.io/api/image/2/context.json","@id":"https://digital.ojm.at/i3f/v20/24973"},"format":"image/jpeg","height":1459,"width":1000,"@id":"https://digital.ojm.at/download/webcache/1000/24973","@type":"dctypes:Image"},"on":"https://digital.ojm.at/i3f/v20/24971/canvas/24973","motivation":"sc:painting","@id":"https://digital.ojm.at/i3f/v20/24971/annotation/24973","@type":"oa:Annotation"}],"label":"[2]","@id":"https://digital.ojm.at/i3f/v20/24971/canvas/24973","@type":"sc:Canvas"}],"viewingHint":"paged","startCanvas":"https://digital.ojm.at/i3f/v20/24971/canvas/24972","viewingDirection":"left-to-right","label":"Current Page Order","@context":"http://iiif.io/api/presentation/2/context.json","@id":"https://digital.ojm.at/i3f/v20/24971/sequence/normal","@type":"sc:Sequence"}],"label":"OJM_BIB_GE_050-1: Wien und die Juden","thumbnail":{"width":304,"height":360,"@id":"https://digital.ojm.at/i3f/v21/24972/full/304/0/default.jpg","@type":"dctypes:Image","format":"image/jpeg"},"logo":{"@id":"https://digital.ojm.at/domainresource/static/graphics/connectors/viewerLogo.gif","service":{"profile":"http://iiif.io/api/image/2/level2.json","@context":"http://iiif.io/api/image/2/context.json","@id":""}},"@context":"http://iiif.io/api/presentation/2/context.json","metadata":[{"value":"Beller, Steven","label":"Verfasser"},{"value":"Pitner, Marie Therese","label":"\u00dcbersetzer"},{"value":"Wien ; K\u00f6ln ; Weimar : B\u00f6hlau, 1993","label":"Entstehung"},{"value":"Dublette: OJM_BIB_GE_050-2","label":"Inhaltsbeschreibung"},{"value":"Deutsch","label":"Sprache"},{"value":"Geschichte","label":"Objektkategorie"},{"value":"B\u00f6hlaus zeitgeschichtliche Bibliothek ; 23","label":"Serie"},{"value":"3-205-05542-X","label":"ISBN"},{"value":"OJM_BIB_GE_050-1","label":"Inventarnummer"}],"@id":"https://digital.ojm.at/i3f/v20/24971/manifest","@type":"sc:Manifest","seeAlso":{"format":"application/xml","@id":"https://digital.ojm.at/oai?verb=GetRecord&metadataPrefix=mets&identifier=24971","label":"METS"}}