{"viewingHint":"paged","service":[],"license":"https://rightsstatements.org/vocab/InC/1.0/","structures":[],"sequences":[{"canvases":[{"height":3902,"width":3098,"images":[{"resource":{"service":{"profile":"http://iiif.io/api/image/2/level2.json","@context":"http://iiif.io/api/image/2/context.json","@id":"https://digital.ojm.at/i3f/v20/27001"},"format":"image/jpeg","height":1259,"width":1000,"@id":"https://digital.ojm.at/download/webcache/1000/27001","@type":"dctypes:Image"},"on":"https://digital.ojm.at/i3f/v20/27000/canvas/27001","motivation":"sc:painting","@id":"https://digital.ojm.at/i3f/v20/27000/annotation/27001","@type":"oa:Annotation"}],"label":"[1]","@id":"https://digital.ojm.at/i3f/v20/27000/canvas/27001","@type":"sc:Canvas"},{"height":3902,"width":2688,"images":[{"resource":{"service":{"profile":"http://iiif.io/api/image/2/level2.json","@context":"http://iiif.io/api/image/2/context.json","@id":"https://digital.ojm.at/i3f/v20/27002"},"format":"image/jpeg","height":1451,"width":1000,"@id":"https://digital.ojm.at/download/webcache/1000/27002","@type":"dctypes:Image"},"on":"https://digital.ojm.at/i3f/v20/27000/canvas/27002","motivation":"sc:painting","@id":"https://digital.ojm.at/i3f/v20/27000/annotation/27002","@type":"oa:Annotation"}],"label":"[2]","@id":"https://digital.ojm.at/i3f/v20/27000/canvas/27002","@type":"sc:Canvas"}],"viewingHint":"paged","startCanvas":"https://digital.ojm.at/i3f/v20/27000/canvas/27001","viewingDirection":"left-to-right","label":"Current Page Order","@context":"http://iiif.io/api/presentation/2/context.json","@id":"https://digital.ojm.at/i3f/v20/27000/sequence/normal","@type":"sc:Sequence"}],"label":"OJM_BIB_RL_124: Lumi\u00e8re et charit\u00e9 d'apr\u00e8s la premi\u00e8re \u00e9p\u00eetre de Saint Jean","thumbnail":{"width":304,"height":382,"@id":"https://digital.ojm.at/i3f/v21/27001/full/304/0/default.jpg","@type":"dctypes:Image","format":"image/jpeg"},"logo":{"@id":"https://digital.ojm.at/domainresource/static/graphics/connectors/viewerLogo.gif","service":{"profile":"http://iiif.io/api/image/2/level2.json","@context":"http://iiif.io/api/image/2/context.json","@id":""}},"@context":"http://iiif.io/api/presentation/2/context.json","metadata":[{"value":"Chmiel, Jerzy","label":"Verfasser"},{"value":"Rom : Institut Pontifical des Recherches Eccl\u00e9siastiques, 1971","label":"Entstehung"},{"value":"267 S.: 24,4 x 17 cm","label":"Dimensionen"},{"value":"Franz\u00f6sisch","label":"Sprache"},{"value":"Religion","label":"Objektkategorie"},{"value":"Studia Ecclesiastica ; 10","label":"Serie"},{"value":"OJM_BIB_RL_124","label":"Inventarnummer"}],"@id":"https://digital.ojm.at/i3f/v20/27000/manifest","@type":"sc:Manifest","seeAlso":{"format":"application/xml","@id":"https://digital.ojm.at/oai?verb=GetRecord&metadataPrefix=mets&identifier=27000","label":"METS"}}