{"viewingHint":"paged","service":[],"license":"https://creativecommons.org/licenses/by-nc-nd/4.0/deed.de","structures":[],"sequences":[{"canvases":[{"height":4499,"width":2995,"images":[{"resource":{"service":{"profile":"http://iiif.io/api/image/2/level2.json","@context":"http://iiif.io/api/image/2/context.json","@id":"https://digital.ojm.at/i3f/v20/33331"},"format":"image/jpeg","height":1502,"width":1000,"@id":"https://digital.ojm.at/download/webcache/1000/33331","@type":"dctypes:Image"},"on":"https://digital.ojm.at/i3f/v20/33330/canvas/33331","motivation":"sc:painting","@id":"https://digital.ojm.at/i3f/v20/33330/annotation/33331","@type":"oa:Annotation"}],"label":"[1]","@id":"https://digital.ojm.at/i3f/v20/33330/canvas/33331","@type":"sc:Canvas"},{"height":4499,"width":2995,"images":[{"resource":{"service":{"profile":"http://iiif.io/api/image/2/level2.json","@context":"http://iiif.io/api/image/2/context.json","@id":"https://digital.ojm.at/i3f/v20/33332"},"format":"image/jpeg","height":1502,"width":1000,"@id":"https://digital.ojm.at/download/webcache/1000/33332","@type":"dctypes:Image"},"on":"https://digital.ojm.at/i3f/v20/33330/canvas/33332","motivation":"sc:painting","@id":"https://digital.ojm.at/i3f/v20/33330/annotation/33332","@type":"oa:Annotation"}],"label":"[2]","@id":"https://digital.ojm.at/i3f/v20/33330/canvas/33332","@type":"sc:Canvas"},{"height":4499,"width":2995,"images":[{"resource":{"service":{"profile":"http://iiif.io/api/image/2/level2.json","@context":"http://iiif.io/api/image/2/context.json","@id":"https://digital.ojm.at/i3f/v20/33333"},"format":"image/jpeg","height":1502,"width":1000,"@id":"https://digital.ojm.at/download/webcache/1000/33333","@type":"dctypes:Image"},"on":"https://digital.ojm.at/i3f/v20/33330/canvas/33333","motivation":"sc:painting","@id":"https://digital.ojm.at/i3f/v20/33330/annotation/33333","@type":"oa:Annotation"}],"label":"[3]","@id":"https://digital.ojm.at/i3f/v20/33330/canvas/33333","@type":"sc:Canvas"},{"height":4499,"width":2995,"images":[{"resource":{"service":{"profile":"http://iiif.io/api/image/2/level2.json","@context":"http://iiif.io/api/image/2/context.json","@id":"https://digital.ojm.at/i3f/v20/33334"},"format":"image/jpeg","height":1502,"width":1000,"@id":"https://digital.ojm.at/download/webcache/1000/33334","@type":"dctypes:Image"},"on":"https://digital.ojm.at/i3f/v20/33330/canvas/33334","motivation":"sc:painting","@id":"https://digital.ojm.at/i3f/v20/33330/annotation/33334","@type":"oa:Annotation"}],"label":"[4]","@id":"https://digital.ojm.at/i3f/v20/33330/canvas/33334","@type":"sc:Canvas"},{"height":4499,"width":2995,"images":[{"resource":{"service":{"profile":"http://iiif.io/api/image/2/level2.json","@context":"http://iiif.io/api/image/2/context.json","@id":"https://digital.ojm.at/i3f/v20/33335"},"format":"image/jpeg","height":1502,"width":1000,"@id":"https://digital.ojm.at/download/webcache/1000/33335","@type":"dctypes:Image"},"on":"https://digital.ojm.at/i3f/v20/33330/canvas/33335","motivation":"sc:painting","@id":"https://digital.ojm.at/i3f/v20/33330/annotation/33335","@type":"oa:Annotation"}],"label":"[5]","@id":"https://digital.ojm.at/i3f/v20/33330/canvas/33335","@type":"sc:Canvas"}],"viewingHint":"paged","startCanvas":"https://digital.ojm.at/i3f/v20/33330/canvas/33331","viewingDirection":"left-to-right","label":"Current Page Order","@context":"http://iiif.io/api/presentation/2/context.json","@id":"https://digital.ojm.at/i3f/v20/33330/sequence/normal","@type":"sc:Sequence"}],"label":"OJM_T_187: Erwiederungsrede seiner Majest\u00e4t des Kaisers und K\u00f6nigs Franzens des II. als der K. K. Rath und B\u00fcrgermeister Stephan Edler von Wohlleben an der Spitze des Stadtsmagistrats und der B\u00fcrgerschaft h\u00f6chstdieselben bey dem feyerlichen Einzuge am Rottenthurmthore bewillkommte","thumbnail":{"width":304,"height":456,"@id":"https://digital.ojm.at/i3f/v21/33331/full/304/0/default.jpg","@type":"dctypes:Image","format":"image/jpeg"},"logo":{"@id":"https://digital.ojm.at/domainresource/static/graphics/connectors/viewerLogo.gif","service":{"profile":"http://iiif.io/api/image/2/level2.json","@context":"http://iiif.io/api/image/2/context.json","@id":""}},"@context":"http://iiif.io/api/presentation/2/context.json","metadata":[{"value":"Wien : Anton Pichler, 16.1.1806","label":"Entstehung"},{"value":"33 x 20 cm","label":"Dimensionen"},{"value":"Papier","label":"Material/Technik"},{"value":"Deutsch","label":"Sprache"},{"value":"Diskursive Werke","label":"Objektkategorie"},{"value":"Reden","label":"Objektbezeichnung"},{"value":"OJM_T_187","label":"Inventarnummer"}],"@id":"https://digital.ojm.at/i3f/v20/33330/manifest","@type":"sc:Manifest","seeAlso":{"format":"application/xml","@id":"https://digital.ojm.at/oai?verb=GetRecord&metadataPrefix=mets&identifier=33330","label":"METS"}}