{"viewingHint":"paged","service":[],"license":"https://creativecommons.org/licenses/by-nc-nd/4.0/deed.de","structures":[],"sequences":[{"canvases":[{"height":5260,"width":3787,"images":[{"resource":{"service":{"profile":"http://iiif.io/api/image/2/level2.json","@context":"http://iiif.io/api/image/2/context.json","@id":"https://digital.ojm.at/i3f/v20/7861"},"format":"image/jpeg","height":1388,"width":1000,"@id":"https://digital.ojm.at/download/webcache/1000/7861","@type":"dctypes:Image"},"on":"https://digital.ojm.at/i3f/v20/7860/canvas/7861","motivation":"sc:painting","@id":"https://digital.ojm.at/i3f/v20/7860/annotation/7861","@type":"oa:Annotation"}],"label":"[1]","@id":"https://digital.ojm.at/i3f/v20/7860/canvas/7861","@type":"sc:Canvas"},{"height":1804,"width":2485,"images":[{"resource":{"service":{"profile":"http://iiif.io/api/image/2/level2.json","@context":"http://iiif.io/api/image/2/context.json","@id":"https://digital.ojm.at/i3f/v20/7862"},"format":"image/jpeg","height":725,"width":1000,"@id":"https://digital.ojm.at/download/webcache/1000/7862","@type":"dctypes:Image"},"on":"https://digital.ojm.at/i3f/v20/7860/canvas/7862","motivation":"sc:painting","@id":"https://digital.ojm.at/i3f/v20/7860/annotation/7862","@type":"oa:Annotation"}],"label":"[2]","@id":"https://digital.ojm.at/i3f/v20/7860/canvas/7862","@type":"sc:Canvas"}],"viewingHint":"paged","startCanvas":"https://digital.ojm.at/i3f/v20/7860/canvas/7861","viewingDirection":"left-to-right","label":"Current Page Order","@context":"http://iiif.io/api/presentation/2/context.json","@id":"https://digital.ojm.at/i3f/v20/7860/sequence/normal","@type":"sc:Sequence"}],"label":"OJM_S_021: Fotoabzug","thumbnail":{"width":304,"height":422,"@id":"https://digital.ojm.at/i3f/v21/7861/full/304/0/default.jpg","@type":"dctypes:Image","format":"image/jpeg"},"logo":{"@id":"https://digital.ojm.at/domainresource/static/graphics/connectors/viewerLogo.gif","service":{"profile":"http://iiif.io/api/image/2/level2.json","@context":"http://iiif.io/api/image/2/context.json","@id":""}},"@context":"http://iiif.io/api/presentation/2/context.json","metadata":[{"value":"Eisenstadt, ca. 1920","label":"Entstehung"},{"value":"70 x 50 cm","label":"Dimensionen"},{"value":"Angespannte Schabbatkette","label":"Inhaltsbeschreibung"},{"value":"Visuelles Material","label":"Objektkategorie"},{"value":"Fotografie","label":"Objektbezeichnung"},{"value":"Schwarz-Wei\u00df-Fotografie  /  Stra\u00dfenszene  /  Judenviertel  /  Eisenstadt  /  Schabbat","label":"Schlagw\u00f6rter"},{"value":"OJM_S_021","label":"Inventarnummer"}],"@id":"https://digital.ojm.at/i3f/v20/7860/manifest","@type":"sc:Manifest","seeAlso":{"format":"application/xml","@id":"https://digital.ojm.at/oai?verb=GetRecord&metadataPrefix=mets&identifier=7860","label":"METS"}}