{"viewingHint":"paged","service":[],"license":"https://creativecommons.org/licenses/by-nc-nd/4.0/deed.de","structures":[],"sequences":[{"canvases":[{"height":5282,"width":3783,"images":[{"resource":{"service":{"profile":"http://iiif.io/api/image/2/level2.json","@context":"http://iiif.io/api/image/2/context.json","@id":"https://digital.ojm.at/i3f/v20/7864"},"format":"image/jpeg","height":1396,"width":1000,"@id":"https://digital.ojm.at/download/webcache/1000/7864","@type":"dctypes:Image"},"on":"https://digital.ojm.at/i3f/v20/7863/canvas/7864","motivation":"sc:painting","@id":"https://digital.ojm.at/i3f/v20/7863/annotation/7864","@type":"oa:Annotation"}],"label":"[1]","@id":"https://digital.ojm.at/i3f/v20/7863/canvas/7864","@type":"sc:Canvas"},{"height":1824,"width":2522,"images":[{"resource":{"service":{"profile":"http://iiif.io/api/image/2/level2.json","@context":"http://iiif.io/api/image/2/context.json","@id":"https://digital.ojm.at/i3f/v20/7865"},"format":"image/jpeg","height":723,"width":1000,"@id":"https://digital.ojm.at/download/webcache/1000/7865","@type":"dctypes:Image"},"on":"https://digital.ojm.at/i3f/v20/7863/canvas/7865","motivation":"sc:painting","@id":"https://digital.ojm.at/i3f/v20/7863/annotation/7865","@type":"oa:Annotation"}],"label":"[2]","@id":"https://digital.ojm.at/i3f/v20/7863/canvas/7865","@type":"sc:Canvas"}],"viewingHint":"paged","startCanvas":"https://digital.ojm.at/i3f/v20/7863/canvas/7864","viewingDirection":"left-to-right","label":"Current Page Order","@context":"http://iiif.io/api/presentation/2/context.json","@id":"https://digital.ojm.at/i3f/v20/7863/sequence/normal","@type":"sc:Sequence"}],"label":"OJM_S_022: Fotoabzug","thumbnail":{"width":304,"height":424,"@id":"https://digital.ojm.at/i3f/v21/7864/full/304/0/default.jpg","@type":"dctypes:Image","format":"image/jpeg"},"logo":{"@id":"https://digital.ojm.at/domainresource/static/graphics/connectors/viewerLogo.gif","service":{"profile":"http://iiif.io/api/image/2/level2.json","@context":"http://iiif.io/api/image/2/context.json","@id":""}},"@context":"http://iiif.io/api/presentation/2/context.json","metadata":[{"value":"Eisenstadt, ca. 1920","label":"Entstehung"},{"value":"70 x 50 cm","label":"Dimensionen"},{"value":"Angespannte Schabbatkette","label":"Inhaltsbeschreibung"},{"value":"Visuelles Material","label":"Objektkategorie"},{"value":"Fotografie","label":"Objektbezeichnung"},{"value":"Schwarz-Wei\u00df-Fotografie  /  Stra\u00dfenszene  /  Judenviertel  /  Eisenstadt  /  Schabbat","label":"Schlagw\u00f6rter"},{"value":"OJM_S_022","label":"Inventarnummer"}],"@id":"https://digital.ojm.at/i3f/v20/7863/manifest","@type":"sc:Manifest","seeAlso":{"format":"application/xml","@id":"https://digital.ojm.at/oai?verb=GetRecord&metadataPrefix=mets&identifier=7863","label":"METS"}}