{"viewingHint":"paged","service":[],"license":"https://creativecommons.org/licenses/by-nc-nd/4.0/deed.de","structures":[],"sequences":[{"canvases":[{"height":4141,"width":5231,"images":[{"resource":{"service":{"profile":"http://iiif.io/api/image/2/level2.json","@context":"http://iiif.io/api/image/2/context.json","@id":"https://digital.ojm.at/i3f/v20/7882"},"format":"image/jpeg","height":791,"width":1000,"@id":"https://digital.ojm.at/download/webcache/1000/7882","@type":"dctypes:Image"},"on":"https://digital.ojm.at/i3f/v20/7881/canvas/7882","motivation":"sc:painting","@id":"https://digital.ojm.at/i3f/v20/7881/annotation/7882","@type":"oa:Annotation"}],"label":"[1]","@id":"https://digital.ojm.at/i3f/v20/7881/canvas/7882","@type":"sc:Canvas"},{"height":4141,"width":5231,"images":[{"resource":{"service":{"profile":"http://iiif.io/api/image/2/level2.json","@context":"http://iiif.io/api/image/2/context.json","@id":"https://digital.ojm.at/i3f/v20/7883"},"format":"image/jpeg","height":791,"width":1000,"@id":"https://digital.ojm.at/download/webcache/1000/7883","@type":"dctypes:Image"},"on":"https://digital.ojm.at/i3f/v20/7881/canvas/7883","motivation":"sc:painting","@id":"https://digital.ojm.at/i3f/v20/7881/annotation/7883","@type":"oa:Annotation"}],"label":"[2]","@id":"https://digital.ojm.at/i3f/v20/7881/canvas/7883","@type":"sc:Canvas"}],"viewingHint":"paged","startCanvas":"https://digital.ojm.at/i3f/v20/7881/canvas/7882","viewingDirection":"left-to-right","label":"Current Page Order","@context":"http://iiif.io/api/presentation/2/context.json","@id":"https://digital.ojm.at/i3f/v20/7881/sequence/normal","@type":"sc:Sequence"}],"label":"OJM_S_030: Fotoabzug auf Holztafel","thumbnail":{"width":304,"height":240,"@id":"https://digital.ojm.at/i3f/v21/7882/full/304/0/default.jpg","@type":"dctypes:Image","format":"image/jpeg"},"logo":{"@id":"https://digital.ojm.at/domainresource/static/graphics/connectors/viewerLogo.gif","service":{"profile":"http://iiif.io/api/image/2/level2.json","@context":"http://iiif.io/api/image/2/context.json","@id":""}},"@context":"http://iiif.io/api/presentation/2/context.json","metadata":[{"value":"Eisenstadt, 1832","label":"Entstehung"},{"value":"23 x 30 cm","label":"Dimensionen"},{"value":"Holz","label":"Material/Technik"},{"value":"Deutsch","label":"Sprache"},{"value":"Visuelles Material","label":"Objektkategorie"},{"value":"Fotografie","label":"Objektbezeichnung"},{"value":"Schwarz-Wei\u00df-Fotografie  /  Stra\u00dfenszene  /  Religi\u00f6se Orte  /  Synagoge (Geb\u00e4ude)  /  Eisenstadt","label":"Schlagw\u00f6rter"},{"value":"R\u00fcckseite, handschriftlich: \u201e1832; Franz [?]\u201c","label":"Inschrift / Aufschrift"},{"value":"OJM_S_030","label":"Inventarnummer"}],"@id":"https://digital.ojm.at/i3f/v20/7881/manifest","@type":"sc:Manifest","seeAlso":{"format":"application/xml","@id":"https://digital.ojm.at/oai?verb=GetRecord&metadataPrefix=mets&identifier=7881","label":"METS"}}