{"viewingHint":"paged","service":[],"license":"https://creativecommons.org/licenses/by-nc-nd/4.0/deed.de","structures":[],"sequences":[{"canvases":[{"height":4141,"width":5231,"images":[{"resource":{"service":{"profile":"http://iiif.io/api/image/2/level2.json","@context":"http://iiif.io/api/image/2/context.json","@id":"https://digital.ojm.at/i3f/v20/7894"},"format":"image/jpeg","height":791,"width":1000,"@id":"https://digital.ojm.at/download/webcache/1000/7894","@type":"dctypes:Image"},"on":"https://digital.ojm.at/i3f/v20/7893/canvas/7894","motivation":"sc:painting","@id":"https://digital.ojm.at/i3f/v20/7893/annotation/7894","@type":"oa:Annotation"}],"label":"[1]","@id":"https://digital.ojm.at/i3f/v20/7893/canvas/7894","@type":"sc:Canvas"},{"height":4141,"width":5231,"images":[{"resource":{"service":{"profile":"http://iiif.io/api/image/2/level2.json","@context":"http://iiif.io/api/image/2/context.json","@id":"https://digital.ojm.at/i3f/v20/7895"},"format":"image/jpeg","height":791,"width":1000,"@id":"https://digital.ojm.at/download/webcache/1000/7895","@type":"dctypes:Image"},"on":"https://digital.ojm.at/i3f/v20/7893/canvas/7895","motivation":"sc:painting","@id":"https://digital.ojm.at/i3f/v20/7893/annotation/7895","@type":"oa:Annotation"}],"label":"[2]","@id":"https://digital.ojm.at/i3f/v20/7893/canvas/7895","@type":"sc:Canvas"}],"viewingHint":"paged","startCanvas":"https://digital.ojm.at/i3f/v20/7893/canvas/7894","viewingDirection":"left-to-right","label":"Current Page Order","@context":"http://iiif.io/api/presentation/2/context.json","@id":"https://digital.ojm.at/i3f/v20/7893/sequence/normal","@type":"sc:Sequence"}],"label":"OJM_S_035: Fotoabzug auf Holztafel","thumbnail":{"width":304,"height":240,"@id":"https://digital.ojm.at/i3f/v21/7894/full/304/0/default.jpg","@type":"dctypes:Image","format":"image/jpeg"},"logo":{"@id":"https://digital.ojm.at/domainresource/static/graphics/connectors/viewerLogo.gif","service":{"profile":"http://iiif.io/api/image/2/level2.json","@context":"http://iiif.io/api/image/2/context.json","@id":""}},"@context":"http://iiif.io/api/presentation/2/context.json","metadata":[{"value":"Eisenstadt","label":"Entstehung"},{"value":"23 x 30 cm","label":"Dimensionen"},{"value":"Holz","label":"Material/Technik"},{"value":"Deutsch","label":"Sprache"},{"value":"Visuelles Material","label":"Objektkategorie"},{"value":"Fotografie","label":"Objektbezeichnung"},{"value":"Schwarz-Wei\u00df-Fotografie  /  Judenviertel  /  Stra\u00dfenszene  /  Schabbat  /  Eisenstadt","label":"Schlagw\u00f6rter"},{"value":"OJM_S_090","label":"Verwandter Titel"},{"value":"R\u00fcckseite, handschriftlich: \u201eZaun am Beginn (Ende) der Judengasse (Sabbat geschlossen)\u201c","label":"Inschrift / Aufschrift"},{"value":"OJM_S_035","label":"Inventarnummer"}],"@id":"https://digital.ojm.at/i3f/v20/7893/manifest","@type":"sc:Manifest","seeAlso":{"format":"application/xml","@id":"https://digital.ojm.at/oai?verb=GetRecord&metadataPrefix=mets&identifier=7893","label":"METS"}}