{"viewingHint":"paged","service":[],"license":"https://creativecommons.org/licenses/by-nc-nd/4.0/deed.de","structures":[],"sequences":[{"canvases":[{"height":5939,"width":4542,"images":[{"resource":{"service":{"profile":"http://iiif.io/api/image/2/level2.json","@context":"http://iiif.io/api/image/2/context.json","@id":"https://digital.ojm.at/i3f/v20/8380"},"format":"image/jpeg","height":1307,"width":1000,"@id":"https://digital.ojm.at/download/webcache/1000/8380","@type":"dctypes:Image"},"on":"https://digital.ojm.at/i3f/v20/8379/canvas/8380","motivation":"sc:painting","@id":"https://digital.ojm.at/i3f/v20/8379/annotation/8380","@type":"oa:Annotation"}],"label":"[1]","@id":"https://digital.ojm.at/i3f/v20/8379/canvas/8380","@type":"sc:Canvas"}],"viewingHint":"paged","startCanvas":"https://digital.ojm.at/i3f/v20/8379/canvas/8380","viewingDirection":"left-to-right","label":"Current Page Order","@context":"http://iiif.io/api/presentation/2/context.json","@id":"https://digital.ojm.at/i3f/v20/8379/sequence/normal","@type":"sc:Sequence"}],"label":"OJM_S_080: Fotoabzug","thumbnail":{"width":304,"height":397,"@id":"https://digital.ojm.at/i3f/v21/8380/full/304/0/default.jpg","@type":"dctypes:Image","format":"image/jpeg"},"logo":{"@id":"https://digital.ojm.at/domainresource/static/graphics/connectors/viewerLogo.gif","service":{"profile":"http://iiif.io/api/image/2/level2.json","@context":"http://iiif.io/api/image/2/context.json","@id":""}},"@context":"http://iiif.io/api/presentation/2/context.json","metadata":[{"value":"41 x 31 cm","label":"Dimensionen"},{"value":"Papier","label":"Material/Technik"},{"value":"Oskar Schiller wuchs in Eisenstadt auf, wo seine Familie ein Lebensmittelgesch\u00e4ft betrieb. Nach dem \u201eAnschluss\u201c wurde der Familie das Gesch\u00e4ft entzogen, sie fl\u00fcchtete nach Bratislava. 1944 wurde Oskar Schiller verhaftet und in das KZ Oranienburg-Sachsenhausen bei Berlin deportiert. Er \u00fcberlebte und kehrte nach dem Krieg nach Eisenstadt zur\u00fcck, wo er ein Textilgesch\u00e4ft f\u00fchrte. Videointerview mit ihm: https://vimeo.com/74194444","label":"Inhaltsbeschreibung"},{"value":"Visuelles Material","label":"Objektkategorie"},{"value":"Fotografie","label":"Objektbezeichnung"},{"value":"Fotografie  /  Mann  /  Schoa-\u00dcberlebender (Erste Generation)  /  Synagoge (Geb\u00e4ude)  /  Eisenstadt","label":"Schlagw\u00f6rter"},{"value":"OJM_S_080","label":"Inventarnummer"}],"@id":"https://digital.ojm.at/i3f/v20/8379/manifest","@type":"sc:Manifest","seeAlso":{"format":"application/xml","@id":"https://digital.ojm.at/oai?verb=GetRecord&metadataPrefix=mets&identifier=8379","label":"METS"}}