{"viewingHint":"paged","service":[],"license":"https://creativecommons.org/licenses/by-nc-nd/4.0/deed.de","structures":[],"sequences":[{"canvases":[{"height":2171,"width":1613,"images":[{"resource":{"service":{"profile":"http://iiif.io/api/image/2/level2.json","@context":"http://iiif.io/api/image/2/context.json","@id":"https://digital.ojm.at/i3f/v20/9081"},"format":"image/jpeg","height":1345,"width":1000,"@id":"https://digital.ojm.at/download/webcache/1000/9081","@type":"dctypes:Image"},"on":"https://digital.ojm.at/i3f/v20/9080/canvas/9081","motivation":"sc:painting","@id":"https://digital.ojm.at/i3f/v20/9080/annotation/9081","@type":"oa:Annotation"}],"label":"[1]","@id":"https://digital.ojm.at/i3f/v20/9080/canvas/9081","@type":"sc:Canvas"}],"viewingHint":"paged","startCanvas":"https://digital.ojm.at/i3f/v20/9080/canvas/9081","viewingDirection":"left-to-right","label":"Current Page Order","@context":"http://iiif.io/api/presentation/2/context.json","@id":"https://digital.ojm.at/i3f/v20/9080/sequence/normal","@type":"sc:Sequence"}],"label":"OJM_S_155: Fotoabzug","thumbnail":{"width":304,"height":409,"@id":"https://digital.ojm.at/i3f/v21/9081/full/304/0/default.jpg","@type":"dctypes:Image","format":"image/jpeg"},"logo":{"@id":"https://digital.ojm.at/domainresource/static/graphics/connectors/viewerLogo.gif","service":{"profile":"http://iiif.io/api/image/2/level2.json","@context":"http://iiif.io/api/image/2/context.json","@id":""}},"@context":"http://iiif.io/api/presentation/2/context.json","metadata":[{"value":"10,5 x 14,8 cm","label":"Dimensionen"},{"value":"Papier","label":"Material/Technik"},{"value":"Die Fotografie wurde vermutlich im Bezug auf der Ausstellung \u201e200 Jahre j\u00fcdische Soldaten in \u00d6sterreich\u201c des \u00d6sterreichischen J\u00fcdischen Museums in Eisenstadt in 1989 gesammelt.","label":"Inhaltsbeschreibung"},{"value":"Visuelles Material","label":"Objektkategorie"},{"value":"Fotografie","label":"Objektbezeichnung"},{"value":"Fotografie  /  Soldat  /  Milit\u00e4r  /  Krieg  /  Gottesdienst  /  Relog\u00f6se Orte  /  Innenarchitektur","label":"Schlagw\u00f6rter"},{"value":"OJM_S_155","label":"Inventarnummer"}],"@id":"https://digital.ojm.at/i3f/v20/9080/manifest","@type":"sc:Manifest","seeAlso":{"format":"application/xml","@id":"https://digital.ojm.at/oai?verb=GetRecord&metadataPrefix=mets&identifier=9080","label":"METS"}}